{"id":8032,"date":"2023-11-15T20:52:02","date_gmt":"2023-11-15T19:52:02","guid":{"rendered":"https:\/\/familienzentrum-schatzkiste.de\/kuhle\/?p=8032"},"modified":"2024-10-30T08:39:21","modified_gmt":"2024-10-30T07:39:21","slug":"unsere-konzeption","status":"publish","type":"post","link":"https:\/\/familienzentrum-schatzkiste.de\/kuhle\/unsere-konzeption\/","title":{"rendered":"UNSERE KONZEPTION"},"content":{"rendered":"[vc_row type=&#8220;full_width_background&#8220; full_screen_row_position=&#8220;middle&#8220; column_margin=&#8220;default&#8220; column_direction=&#8220;default&#8220; column_direction_tablet=&#8220;default&#8220; column_direction_phone=&#8220;default&#8220; scene_position=&#8220;center&#8220; top_margin=&#8220;3%&#8220; left_margin=&#8220;5%&#8220; right_margin=&#8220;5%&#8220; text_color=&#8220;dark&#8220; text_align=&#8220;left&#8220; row_border_radius=&#8220;none&#8220; row_border_radius_applies=&#8220;bg&#8220; overflow=&#8220;visible&#8220; overlay_strength=&#8220;0.3&#8243; gradient_direction=&#8220;left_to_right&#8220; shape_divider_position=&#8220;bottom&#8220; bg_image_animation=&#8220;none&#8220; gradient_type=&#8220;default&#8220; shape_type=&#8220;&#8220;][vc_column column_padding=&#8220;no-extra-padding&#8220; column_padding_tablet=&#8220;inherit&#8220; column_padding_phone=&#8220;inherit&#8220; column_padding_position=&#8220;all&#8220; column_element_direction_desktop=&#8220;default&#8220; column_element_spacing=&#8220;default&#8220; desktop_text_alignment=&#8220;default&#8220; tablet_text_alignment=&#8220;default&#8220; phone_text_alignment=&#8220;default&#8220; background_color_opacity=&#8220;1&#8243; background_hover_color_opacity=&#8220;1&#8243; column_backdrop_filter=&#8220;none&#8220; column_shadow=&#8220;none&#8220; column_border_radius=&#8220;none&#8220; column_link_target=&#8220;_self&#8220; column_position=&#8220;default&#8220; gradient_direction=&#8220;left_to_right&#8220; overlay_strength=&#8220;0.3&#8243; width=&#8220;1\/1&#8243; tablet_width_inherit=&#8220;default&#8220; animation_type=&#8220;default&#8220; bg_image_animation=&#8220;none&#8220; border_type=&#8220;simple&#8220; column_border_width=&#8220;none&#8220; column_border_style=&#8220;solid&#8220;][vc_custom_heading text=&#8220;ZIEL &#8211; F\u00d6RDERUNG DES EINZELNEN&#8220; font_container=&#8220;tag:h4|text_align:left&#8220; use_theme_fonts=&#8220;yes&#8220; css=&#8220;.vc_custom_1730217061721{margin-bottom: 2% !important;}&#8220;][vc_column_text css=&#8220;&#8220; text_direction=&#8220;default&#8220;]\n<p style=\"text-align: justify;\"><span style=\"font-size: 14pt;\">Unser Wunsch ist es, dass jedes Kind bei uns durch Worte, Gestik und Mimik Zeit und Freundlichkeit erf\u00e4hrt:<\/span><\/p>\n<p style=\"text-align: justify;\"><span style=\"font-size: 14pt;\"><strong>Du bist wichtig, du bis<\/strong><strong>t wertvoll, du bist einmalig, du kannst etwas.<\/strong><\/span><\/p>\n<p style=\"text-align: justify;\"><span style=\"font-size: 14pt;\">Wir merken, dass unsere Kinder gern Lieder singen, die gerade diese Botschaft enthalten.<\/span><\/p>\n<p style=\"text-align: justify;\"><span style=\"font-size: 14pt;\">Wir wollen ihr Selbstbewusstsein und ihr Vertrauen st\u00e4rken. Wir w\u00fcnschen uns, dass die Kinder ihre Meinung sagen, dass sie sich trauen \u201enein\u201c zu sagen, wenn sie z.B. nicht mitmachen oder angefasst werden wollen.<\/span><\/p>\n<p style=\"text-align: justify;\"><span style=\"font-size: 14pt;\">Wir erleben, dass Kinder oft viel mehr k\u00f6nnen, als wir Erzieherinnen und Eltern ihnen zutrauen. Daher ist uns ein bewusstes Begleiten in die Selbstst\u00e4ndigkeit wichtig. Damit die Kinder immer mutiger werden, sollen sie bei uns die M\u00f6glichkeit haben, etwas Neues auszuprobieren und zu experimentieren.<\/span><\/p>\n<p style=\"text-align: justify;\"><span style=\"font-size: 14pt;\">Wir Mitarbeiterinnen nehmen uns viel Zeit zur Beobachtung der Kinder, sehen, wo besondere Begabungen und Schw\u00e4chen liegen und \u00fcberlegen im Teamgespr\u00e4ch und mit den Eltern wie die beste F\u00f6rderung innerhalb und au\u00dferhalb der Kindertagesst\u00e4tte aussieht. Wir wollen, dass die Kinder uns Mitarbeiter und Mitarbeiterinnen als Freunde und Ansprechpartner erleben, die sie verstehen, die zu ihnen halten und sie motivieren.<\/span><\/p>\n[\/vc_column_text][vc_custom_heading text=&#8220;UNSER CHRISTLICHES SELBSTVERST\u00c4NDNIS&#8220; font_container=&#8220;tag:h4|text_align:left&#8220; use_theme_fonts=&#8220;yes&#8220; css=&#8220;.vc_custom_1730217083705{margin-top: 2% !important;margin-bottom: 2% !important;}&#8220;][vc_column_text css=&#8220;&#8220; text_direction=&#8220;default&#8220;]\n<p style=\"text-align: justify;\"><span style=\"font-size: 14pt;\"><strong>F\u00fcr uns als Kindertagesst\u00e4tten-Team ist der christliche Glaube die Basis unserer Arbeit.\u00a0<\/strong>Von dieser Grundlage aus gestalten wir unseren Alltag, unsere Beziehungen zueinander und unsere Achtung vor der Sch\u00f6pfung. Besonders wichtig ist uns, hinter der Sch\u00f6pfung den Sch\u00f6pfer zu sehen.<\/span><\/p>\n<p style=\"text-align: justify;\"><span style=\"font-size: 14pt;\"><strong>Wir vermitteln den Kindern das Gottesbild von einem liebenden Vater.\u00a0<\/strong>Zu ihm k\u00f6nnen wir zu jeder Zeit kommen und mit ihm sprechen. Durch die biblischen Geschichten von Jesus lernen die Kinder, was Vertrauen und Wertsch\u00e4tzung hei\u00dft. Jesus Christus zeigt uns, wie wir miteinander umgehen und Frieden stiften k\u00f6nnen. Wir bringen die Lebenserfahrungen der Kinder in Bezug zu den Geschichten der Bibel. Wir w\u00fcnschen uns, dass die Kinder Christsein als etwas Nat\u00fcrliches und Fr\u00f6hliches erleben. Mit Begeisterung singen die Kinder Lieder von Gott und danken ihm f\u00fcr seine Liebe und Zuwendung. Auch das Dank- und F\u00fcrbittegebet geh\u00f6rt zu unserem Kindergartenalltag. Weniger das Wissen und Reden von Gott als vielmehr das Sp\u00fcren und Erleben macht unsere Atmosph\u00e4re aus.<\/span><\/p>\n<p style=\"text-align: justify;\"><span style=\"font-size: 14pt;\"><a href=\"https:\/\/familienzentrum-schatzkiste.de\/kuhle\/wp-content\/uploads\/2023\/11\/konzeption-1.8.15.pdf\" target=\"_blank\" rel=\"noopener\">Wenn Sie noch mehr wissen m\u00f6chten, finden Sie hier unsere komplette Konzeption.<\/a><\/span><\/p>\n[\/vc_column_text][\/vc_column][\/vc_row]\n","protected":false},"excerpt":{"rendered":"<p>[vc_row type=&#8220;full_width_background&#8220; full_screen_row_position=&#8220;middle&#8220; column_margin=&#8220;default&#8220; column_direction=&#8220;default&#8220; column_direction_tablet=&#8220;default&#8220; column_direction_phone=&#8220;default&#8220; scene_position=&#8220;center&#8220; top_margin=&#8220;3%&#8220; left_margin=&#8220;5%&#8220; right_margin=&#8220;5%&#8220; text_color=&#8220;dark&#8220; text_align=&#8220;left&#8220; row_border_radius=&#8220;none&#8220; row_border_radius_applies=&#8220;bg&#8220; overflow=&#8220;visible&#8220; overlay_strength=&#8220;0.3&#8243; gradient_direction=&#8220;left_to_right&#8220; shape_divider_position=&#8220;bottom&#8220; bg_image_animation=&#8220;none&#8220; gradient_type=&#8220;default&#8220; shape_type=&#8220;&#8220;][vc_column column_padding=&#8220;no-extra-padding&#8220; column_padding_tablet=&#8220;inherit&#8220; column_padding_phone=&#8220;inherit&#8220; column_padding_position=&#8220;all&#8220; column_element_direction_desktop=&#8220;default&#8220; column_element_spacing=&#8220;default&#8220; desktop_text_alignment=&#8220;default&#8220; tablet_text_alignment=&#8220;default&#8220;&#8230;<\/p>\n","protected":false},"author":1,"featured_media":0,"comment_status":"closed","ping_status":"closed","sticky":false,"template":"","format":"standard","meta":{"footnotes":""},"categories":[44,37,70],"tags":[],"class_list":{"0":"post-8032","1":"post","2":"type-post","3":"status-publish","4":"format-standard","6":"category-kindertagesstaette","7":"category-ueber-uns","8":"category-unsere-konzeption"},"_links":{"self":[{"href":"https:\/\/familienzentrum-schatzkiste.de\/kuhle\/wp-json\/wp\/v2\/posts\/8032","targetHints":{"allow":["GET"]}}],"collection":[{"href":"https:\/\/familienzentrum-schatzkiste.de\/kuhle\/wp-json\/wp\/v2\/posts"}],"about":[{"href":"https:\/\/familienzentrum-schatzkiste.de\/kuhle\/wp-json\/wp\/v2\/types\/post"}],"author":[{"embeddable":true,"href":"https:\/\/familienzentrum-schatzkiste.de\/kuhle\/wp-json\/wp\/v2\/users\/1"}],"replies":[{"embeddable":true,"href":"https:\/\/familienzentrum-schatzkiste.de\/kuhle\/wp-json\/wp\/v2\/comments?post=8032"}],"version-history":[{"count":0,"href":"https:\/\/familienzentrum-schatzkiste.de\/kuhle\/wp-json\/wp\/v2\/posts\/8032\/revisions"}],"wp:attachment":[{"href":"https:\/\/familienzentrum-schatzkiste.de\/kuhle\/wp-json\/wp\/v2\/media?parent=8032"}],"wp:term":[{"taxonomy":"category","embeddable":true,"href":"https:\/\/familienzentrum-schatzkiste.de\/kuhle\/wp-json\/wp\/v2\/categories?post=8032"},{"taxonomy":"post_tag","embeddable":true,"href":"https:\/\/familienzentrum-schatzkiste.de\/kuhle\/wp-json\/wp\/v2\/tags?post=8032"}],"curies":[{"name":"wp","href":"https:\/\/api.w.org\/{rel}","templated":true}]}}